{"id":2859,"date":"2022-01-13T13:40:01","date_gmt":"2022-01-13T12:40:01","guid":{"rendered":"http:\/\/www.cicade.org\/?p=2859"},"modified":"2023-07-23T16:01:09","modified_gmt":"2023-07-23T15:01:09","slug":"formation-a-distance-gratuite-sante-et-acces-aux-soins-des-femmes-exilees-3","status":"publish","type":"post","link":"http:\/\/www.cicade.org\/?p=2859","title":{"rendered":"Formation gratuite &#8211; Sant\u00e9 et acc\u00e8s aux soins des femmes exil\u00e9es"},"content":{"rendered":"<p>L&rsquo;association CICADE propose\u00a0en partenariat avec le COMEDE (Comit\u00e9 pour la sant\u00e9 des exil\u00e9.e.s) une journ\u00e9e de formation en pr\u00e9sentiel portant sur le th\u00e8me \u00ab\u00a0Sant\u00e9 et acc\u00e8s aux soins des femmes exil\u00e9es\u00a0\u00bb, le <strong>10 novembre 2022. <\/strong>Cette intervention est r\u00e9alis\u00e9e dans le cadre d&rsquo;un programme de formation sur l&rsquo;accueil\u00a0et l&rsquo;accompagnement\u00a0juridique des femmes primo-arrivantes. Destin\u00e9e\u00a0<strong>en priorit\u00e9 aux\u00a0professionnels de la r\u00e9gion \u00cele-de-France, <\/strong>elle\u00a0permettra aux participants d&rsquo;appr\u00e9hender l&rsquo;\u00e9tat de sant\u00e9 et les besoins de soins des femmes exil\u00e9es r\u00e9cemment arriv\u00e9es en France, depuis l&rsquo;observatoire du COMEDE. Seront notamment pr\u00e9sent\u00e9s les diff\u00e9rents obstacles socio-administratifs \u00e0 l&rsquo;acc\u00e8s aux soins. Selon une approche par cat\u00e9gories de statuts administratifs, cette formation\u00a0vise \u00e0 identifier les difficult\u00e9s rencontr\u00e9es par les femmes \u00e9trang\u00e8res non europ\u00e9ennes pour acc\u00e9der \u00e0 la protection maladie.<\/p>\n<p>Elle\u00a0sera anim\u00e9e par Karine Crochet, assistante sociale\u00a0et Marie Petruzzi, m\u00e9decin.<\/p>\n<p><strong><u>Descriptif\u00a0de la formation :<\/u><\/strong><\/p>\n<p><strong>\u2013 Date :<\/strong> jeudi 10 novembre 2022<\/p>\n<p><strong>\u2013 Th\u00e8me de la session :\u00a0 <\/strong>sant\u00e9 et acc\u00e8s aux soins des femmes exil\u00e9es<\/p>\n<p><strong>\u2013 Public vis\u00e9 :\u00a0<\/strong>travailleurs sociaux, agents de l\u2019\u00c9tat ou des collectivit\u00e9s locales, b\u00e9n\u00e9voles et permanents d\u2019associations, adultes relais, juristes ou toute personne accueillant du public\u2026<\/p>\n<p><strong>\u2013 Dur\u00e9e de la session : <\/strong>6 heures (9h30-12h30 \/ 14h00-17h00)<\/p>\n<p><strong>\u2013 Nombre maximum de participants : <\/strong>20 personnes\u00a0\u00a0\u00a0\u00a0\u00a0\u00a0 <strong><span style=\"color: #ff0000;\">COMPLET<\/span><\/strong><\/p>\n<p><strong>\u2013 Lieu\u00a0: <\/strong><span class=\"LrzXr\">Le Kremlin-Bic\u00eatre<\/span> (Val-de-Marne)<!--more--><\/p>\n<p>Acc\u00e9der au <a href=\"http:\/\/www.cicade.org\/wp-content\/uploads\/2022\/01\/Plan-formation-CICADE-COMEDE-Sant\u00e9-et-acc\u00e8s-aux-soins-des-femmes-exil\u00e9es-10-nov-2022.pdf\" target=\"_blank\">programme de formation<\/a><\/p>\n<p><strong><u>Inscription :<\/u><\/strong><\/p>\n<p><strong>La participation \u00e0 ce stage est gratuite. Elle est cependant soumise \u00e0 une inscription pr\u00e9alable obligatoire. Cette formation s\u2019adresse en priorit\u00e9 aux professionnels de la r\u00e9gion \u00cele-de-France<\/strong>.\u00a0Les personnes int\u00e9ress\u00e9es sont invit\u00e9es \u00e0 s\u2019inscrire via<a href=\"https:\/\/framaforms.org\/inscription-formation-cicade-comede-101122-region-idf-1663056493\" target=\"_blank\"> le\u00a0bulletin d\u2019inscription en ligne<\/a>. Une confirmation puis une convocation par mail sera envoy\u00e9e avant la formation \u00e0 l\u2019adresse e-mail communiqu\u00e9e dans le bulletin d\u2019inscription.<\/p>\n<p>Cette formation est r\u00e9alis\u00e9e avec le soutien de la\u00a0<a href=\"https:\/\/www.immigration.interieur.gouv.fr\/La-Direction-generale\/Directions-et-services\" target=\"_blank\">Direction de l\u2019Int\u00e9gration et de l\u2019Acc\u00e8s \u00e0 la Nationalit\u00e9 (DIAN)\u00a0<\/a>.<\/p>\n","protected":false},"excerpt":{"rendered":"<p>L&rsquo;association CICADE propose en partenariat avec le COMEDE (Comit\u00e9 pour la sant\u00e9 des exil\u00e9.e.s) une journ\u00e9e de formation en pr\u00e9sentiel portant sur le th\u00e8me \u00ab Sant\u00e9 et acc\u00e8s aux soins des femmes exil\u00e9es \u00bb, le 10 novembre 2022. Cette intervention est r\u00e9alis\u00e9e dans le cadre d&rsquo;un programme de formation sur l&rsquo;accueil et l&rsquo;accompagnement juridique des femmes primo-arrivantes. Destin\u00e9e en priorit\u00e9 aux professionnels de la r\u00e9gion \u00cele-de-France, elle permettra aux participants d&rsquo;appr\u00e9hender l&rsquo;\u00e9tat de sant\u00e9 et <\/p>\n<p>[&#8230;<a href=\"http:\/\/www.cicade.org\/?p=2859\">lire la suite<\/a>]<\/p>\n","protected":false},"author":3,"featured_media":0,"comment_status":"closed","ping_status":"open","sticky":false,"template":"","format":"standard","meta":{"footnotes":""},"categories":[10],"tags":[],"class_list":["post-2859","post","type-post","status-publish","format-standard","hentry","category-actions-gratuites","odd"],"publishpress_future_action":{"enabled":false,"date":"2026-05-06 23:26:01","action":"change-status","newStatus":"draft","terms":[],"taxonomy":"category","extraData":[]},"publishpress_future_workflow_manual_trigger":{"enabledWorkflows":[]},"_links":{"self":[{"href":"http:\/\/www.cicade.org\/index.php?rest_route=\/wp\/v2\/posts\/2859","targetHints":{"allow":["GET"]}}],"collection":[{"href":"http:\/\/www.cicade.org\/index.php?rest_route=\/wp\/v2\/posts"}],"about":[{"href":"http:\/\/www.cicade.org\/index.php?rest_route=\/wp\/v2\/types\/post"}],"author":[{"embeddable":true,"href":"http:\/\/www.cicade.org\/index.php?rest_route=\/wp\/v2\/users\/3"}],"replies":[{"embeddable":true,"href":"http:\/\/www.cicade.org\/index.php?rest_route=%2Fwp%2Fv2%2Fcomments&post=2859"}],"version-history":[{"count":3,"href":"http:\/\/www.cicade.org\/index.php?rest_route=\/wp\/v2\/posts\/2859\/revisions"}],"predecessor-version":[{"id":2913,"href":"http:\/\/www.cicade.org\/index.php?rest_route=\/wp\/v2\/posts\/2859\/revisions\/2913"}],"wp:attachment":[{"href":"http:\/\/www.cicade.org\/index.php?rest_route=%2Fwp%2Fv2%2Fmedia&parent=2859"}],"wp:term":[{"taxonomy":"category","embeddable":true,"href":"http:\/\/www.cicade.org\/index.php?rest_route=%2Fwp%2Fv2%2Fcategories&post=2859"},{"taxonomy":"post_tag","embeddable":true,"href":"http:\/\/www.cicade.org\/index.php?rest_route=%2Fwp%2Fv2%2Ftags&post=2859"}],"curies":[{"name":"wp","href":"https:\/\/api.w.org\/{rel}","templated":true}]}}