{"id":3562,"date":"2024-01-14T21:20:00","date_gmt":"2024-01-14T20:20:00","guid":{"rendered":"https:\/\/www.cicade.org\/?p=3562"},"modified":"2025-04-18T17:06:44","modified_gmt":"2025-04-18T16:06:44","slug":"formation-a-distance-gratuite-lacces-a-la-nationalite-francaise-5","status":"publish","type":"post","link":"http:\/\/www.cicade.org\/?p=3562","title":{"rendered":"Formation \u00e0 distance gratuite &#8211; L&rsquo;acc\u00e8s \u00e0 la nationalit\u00e9 fran\u00e7aise"},"content":{"rendered":"<p>Dans le cadre de la politique d\u2019int\u00e9gration des \u00e9trangers primo-arrivants, le\u00a0CICADE\u00a0propose, en partenariat avec la\u00a0DREETS Occitanie, une formation \u00e0 distance\u00a0<strong>destin\u00e9e aux professionnels de la r\u00e9gion Occitanie<\/strong>.<\/p>\n<p>Cette formation intitul\u00e9e \u00ab L&rsquo;acc\u00e8s \u00e0 la nationalit\u00e9 fran\u00e7aise \u00bb se d\u00e9roulera le <strong>28 novembre\u00a02024<\/strong>. Elle\u00a0sera anim\u00e9e par\u00a0Laurent Fort\u00e9, juriste du CICADE sp\u00e9cialis\u00e9 en droit des \u00e9trangers.<\/p>\n<p><strong><u>Descriptif de la formation :<\/u><\/strong><\/p>\n<p><strong>\u2013\u00a0<\/strong><strong>Date :<\/strong> jeudi 28 novembre 2024<\/p>\n<p><strong>\u2013\u00a0Th\u00e8me de la formation :<\/strong> l&rsquo;acc\u00e8s \u00e0 la nationalit\u00e9 fran\u00e7aise<\/p>\n<p><strong>\u2013 Public vis\u00e9 :<\/strong>\u00a0travailleurs sociaux, agents de l\u2019\u00c9tat ou des collectivit\u00e9s locales, b\u00e9n\u00e9voles et permanents d\u2019associations, adultes relais, juristes ou toute personne accueillant du public\u2026<\/p>\n<p><strong>\u2013<\/strong>\u00a0<strong>Dur\u00e9e de la formation :<\/strong> 3 heures et demie (9h00-12h30)<\/p>\n<p><strong>\u2013 Nombre maximum de participants :<\/strong> 50 personnes\u00a0\u00a0 <span style=\"color: #ff0000;\"><strong>COMPLET<\/strong><\/span><\/p>\n<p><strong>\u2013 Lieu :<\/strong>\u00a0r\u00e9gion Occitanie<!--more--><\/p>\n<p>Acc\u00e9der au <strong><a href=\"http:\/\/www.cicade.org\/wp-content\/uploads\/2024\/11\/Programme-FAD-Lacces-a-la-nationalite-francaise-28-novembre-2024.pdf\" target=\"_blank\" rel=\"noopener\"><span style=\"color: #800080;\">programme de la formation<\/span><\/a><\/strong><\/p>\n<p><strong><u>Modalit\u00e9s d&rsquo;inscription :<\/u><\/strong><\/p>\n<p>Cette formation \u00e0 distance aura lieu sur ZOOM. Si l\u2019installation de l\u2019application n\u2019est pas n\u00e9cessaire pour suivre cette intervention, celle-ci facilite la qualit\u00e9 de la connexion. L\u2019acc\u00e8s peut se faire par ordinateur avec mat\u00e9riel adapt\u00e9 (webcam et micro), tablette et\/ou smartphone avec forfait internet.<\/p>\n<p><strong>La participation \u00e0 ce stage est gratuite. Elle est cependant soumise \u00e0 une inscription pr\u00e9alable obligatoire. Cette formation s\u2019adresse en priorit\u00e9 aux professionnels de la r\u00e9gion Occitanie.<\/strong>\u00a0Les personnes int\u00e9ress\u00e9es sont invit\u00e9es \u00e0 s\u2019inscrire via le<a href=\"https:\/\/framaforms.org\/formation-a-distance-cicade-28112024-1731072244\" data-saferedirecturl=\"https:\/\/www.google.com\/url?q=https:\/\/framaforms.org\/formation-a-distance-cicade-28112024-1731072244&amp;source=gmail&amp;ust=1731160909993000&amp;usg=AOvVaw2Y1_FccyKGstsv18WWGChq\"><strong>\u00a0<\/strong><\/a><strong><span style=\"color: #800080;\"><a style=\"color: #800080;\" href=\"https:\/\/framaforms.org\/formation-a-distance-cicade-28112024-1731072244\" target=\"_blank\" rel=\"noopener\" data-saferedirecturl=\"https:\/\/www.google.com\/url?q=https:\/\/framaforms.org\/formation-a-distance-cicade-28112024-1731072244&amp;source=gmail&amp;ust=1731160909993000&amp;usg=AOvVaw2Y1_FccyKGstsv18WWGChq\">bulletin d\u2019inscription en ligne<\/a><\/span><\/strong>. Un mail valant convocation avec le lien ZOOM sera envoy\u00e9 avant la formation \u00e0 l\u2019adresse e-mail communiqu\u00e9e dans le bulletin d\u2019inscription.<\/p>\n<p>Cette action est r\u00e9alis\u00e9e avec le soutien de la <span style=\"color: #800080;\"><a style=\"color: #800080;\" href=\"https:\/\/occitanie.dreets.gouv.fr\/\" target=\"_blank\" rel=\"noopener\" data-saferedirecturl=\"https:\/\/www.google.com\/url?q=https:\/\/occitanie.dreets.gouv.fr\/&amp;source=gmail&amp;ust=1731160909993000&amp;usg=AOvVaw2axaNcBDwwzN8wO6G1FVBZ\"><strong>Direction R\u00e9gionale de l\u2019Economie, de l\u2019Emploi, du Travail et des Solidarit\u00e9s Occitanie<\/strong><\/a><\/span><strong>\u00a0<\/strong>(DREETS Occitanie).<\/p>\n","protected":false},"excerpt":{"rendered":"<p>Dans le cadre de la politique d\u2019int\u00e9gration des \u00e9trangers primo-arrivants, le CICADE propose, en partenariat avec la DREETS Occitanie, une formation \u00e0 distance destin\u00e9e aux professionnels de la r\u00e9gion Occitanie.<\/p>\n<p>Cette formation intitul\u00e9e \u00ab L&rsquo;acc\u00e8s \u00e0 la nationalit\u00e9 fran\u00e7aise \u00bb se d\u00e9roulera le 28 novembre 2024. Elle sera anim\u00e9e par Laurent Fort\u00e9, juriste du CICADE sp\u00e9cialis\u00e9 en droit des \u00e9trangers.<\/p>\n<p>Descriptif de la formation :<\/p>\n<p>\u2013 Date : jeudi 28 novembre 2024<\/p>\n<p>\u2013 Th\u00e8me de <\/p>\n<p>[&#8230;<a href=\"http:\/\/www.cicade.org\/?p=3562\">lire la suite<\/a>]<\/p>\n","protected":false},"author":3,"featured_media":0,"comment_status":"closed","ping_status":"open","sticky":false,"template":"","format":"standard","meta":{"footnotes":""},"categories":[10],"tags":[],"class_list":["post-3562","post","type-post","status-publish","format-standard","hentry","category-actions-gratuites","odd"],"publishpress_future_action":{"enabled":false,"date":"2026-05-08 11:52:44","action":"change-status","newStatus":"draft","terms":[],"taxonomy":"category","extraData":[]},"publishpress_future_workflow_manual_trigger":{"enabledWorkflows":[]},"_links":{"self":[{"href":"http:\/\/www.cicade.org\/index.php?rest_route=\/wp\/v2\/posts\/3562","targetHints":{"allow":["GET"]}}],"collection":[{"href":"http:\/\/www.cicade.org\/index.php?rest_route=\/wp\/v2\/posts"}],"about":[{"href":"http:\/\/www.cicade.org\/index.php?rest_route=\/wp\/v2\/types\/post"}],"author":[{"embeddable":true,"href":"http:\/\/www.cicade.org\/index.php?rest_route=\/wp\/v2\/users\/3"}],"replies":[{"embeddable":true,"href":"http:\/\/www.cicade.org\/index.php?rest_route=%2Fwp%2Fv2%2Fcomments&post=3562"}],"version-history":[{"count":3,"href":"http:\/\/www.cicade.org\/index.php?rest_route=\/wp\/v2\/posts\/3562\/revisions"}],"predecessor-version":[{"id":3690,"href":"http:\/\/www.cicade.org\/index.php?rest_route=\/wp\/v2\/posts\/3562\/revisions\/3690"}],"wp:attachment":[{"href":"http:\/\/www.cicade.org\/index.php?rest_route=%2Fwp%2Fv2%2Fmedia&parent=3562"}],"wp:term":[{"taxonomy":"category","embeddable":true,"href":"http:\/\/www.cicade.org\/index.php?rest_route=%2Fwp%2Fv2%2Fcategories&post=3562"},{"taxonomy":"post_tag","embeddable":true,"href":"http:\/\/www.cicade.org\/index.php?rest_route=%2Fwp%2Fv2%2Ftags&post=3562"}],"curies":[{"name":"wp","href":"https:\/\/api.w.org\/{rel}","templated":true}]}}