{"id":1040,"date":"2015-09-03T14:29:24","date_gmt":"2015-09-03T13:29:24","guid":{"rendered":"http:\/\/www.cicade.org\/?p=1040"},"modified":"2015-09-09T16:33:16","modified_gmt":"2015-09-09T15:33:16","slug":"session-juridique-decembre-2015","status":"publish","type":"post","link":"https:\/\/www.cicade.org\/?p=1040","title":{"rendered":"Session juridique &#8211; d\u00e9cembre 2015"},"content":{"rendered":"<p style=\"text-align: justify;\"><span class=\"actu_texte\">Le CICADE\u00a0 organise \u00e0 <strong>Montpellier<\/strong> au mois de d\u00e9cembre une session de formation portant sur <strong>le droit du s\u00e9jour des \u00e9trangers non citoyens europ\u00e9ens en France<\/strong>. Les deux premi\u00e8res journ\u00e9es de ce stage seront consacr\u00e9es \u00e0 l&rsquo;\u00e9tude du droit en vigueur et des modifications apport\u00e9es par la r\u00e9forme \u00e0 venir.\u00a0 La derni\u00e8re journ\u00e9e privil\u00e9giera une approche pratique et s&rsquo;appuiera sur des \u00e9tudes de cas et une m\u00e9thode d&rsquo;entretien. <\/span><\/p>\n<p style=\"text-align: justify;\"><span class=\"actu_texte\">Cette formation aura lieu <span class=\"gras\">du <strong>2 au 4 d\u00e9cembre 2015<\/strong><\/span> et sera anim\u00e9e par Laurent Fort\u00e9, juriste du CICADE sp\u00e9cialis\u00e9 en droit des \u00e9trangers et<\/span> Aur\u00e9lie B\u00e9du, juriste du CICADE sp\u00e9cialis\u00e9e en droit de la famille international.<\/p>\n<p style=\"text-align: justify;\"><span class=\"gras\">Descriptif :<\/span><\/p>\n<p style=\"text-align: left;\"><strong><span class=\"gras\">\u2022 Dates :<\/span>\u00a0<\/strong><span class=\"actu_texte\"><span class=\"gras\">2, 3 et 4 d\u00e9cembre 2015<\/span> <\/span><\/p>\n<p style=\"text-align: left;\"><strong><span class=\"gras\">\u2022 Th\u00e8me de la session :\u00a0<\/span><\/strong><span class=\"actu_texte\">Le droit du s\u00e9jour des \u00e9trangers non citoyens europ\u00e9ens en France : \u00c9tat du droit &#8211; R\u00e9forme &#8211; Approche pratique<\/span><\/p>\n<p style=\"text-align: left;\"><strong><span class=\"gras\">\u2022 Public vis\u00e9 :<\/span> <\/strong>Travailleurs sociaux, adultes-relais, juristes, b\u00e9n\u00e9voles et permanents d\u2019associations<!--more--><\/p>\n<p style=\"text-align: left;\"><strong><span class=\"gras\">\u2022 Co\u00fbt de la session :<\/span><\/strong> 500 Euros TTC \/ personne<\/p>\n<p style=\"text-align: left;\"><strong><span class=\"gras\">\u2022 Dur\u00e9e de la session : <\/span><\/strong>19 heures 30 r\u00e9parties sur 3 jours<\/p>\n<p style=\"text-align: left;\"><strong><span class=\"gras\">\u2022 Nombre maximum de participants : <\/span><\/strong> 15 personnes<\/p>\n<p style=\"text-align: left;\"><strong><span class=\"gras\">\u2022 Lieu :<\/span><\/strong> Montpellier<\/p>\n<p style=\"text-align: justify;\">Consultez le <span class=\"gras\"><a href=\"http:\/\/www.cicade.org\/wp-content\/uploads\/2015\/09\/Session-en-droit-des-\u00e9trangers.pdf\" target=\"_blank\">programme de la session<\/a><\/span><\/p>\n<p style=\"text-align: justify;\"><span class=\"gras\"><a href=\"http:\/\/www.cicade.org\/wp-content\/uploads\/2015\/09\/Session-en-droit-des-\u00e9trangers.pdf\" target=\"_blank\"><img loading=\"lazy\" decoding=\"async\" class=\"  alignnone wp-image-1048\" src=\"http:\/\/www.cicade.org\/wp-content\/uploads\/2015\/09\/Session-en-droit-des-\u00e9trangers_Page_1-724x1024.jpg\" alt=\"Session en droit des \u00e9trangers_Page_1\" width=\"244\" height=\"345\" srcset=\"https:\/\/www.cicade.org\/wp-content\/uploads\/2015\/09\/Session-en-droit-des-\u00e9trangers_Page_1-724x1024.jpg 724w, https:\/\/www.cicade.org\/wp-content\/uploads\/2015\/09\/Session-en-droit-des-\u00e9trangers_Page_1-212x300.jpg 212w, https:\/\/www.cicade.org\/wp-content\/uploads\/2015\/09\/Session-en-droit-des-\u00e9trangers_Page_1-106x150.jpg 106w, https:\/\/www.cicade.org\/wp-content\/uploads\/2015\/09\/Session-en-droit-des-\u00e9trangers_Page_1-400x566.jpg 400w\" sizes=\"auto, (max-width: 244px) 100vw, 244px\" \/><\/a><\/span><\/p>\n","protected":false},"excerpt":{"rendered":"<p style=\"text-align: justify;\">Le CICADE organise \u00e0 Montpellier au mois de d\u00e9cembre une session de formation portant sur le droit du s\u00e9jour des \u00e9trangers non citoyens europ\u00e9ens en France. Les deux premi\u00e8res journ\u00e9es de ce stage seront consacr\u00e9es \u00e0 l&rsquo;\u00e9tude du droit en vigueur et des modifications apport\u00e9es par la r\u00e9forme \u00e0 venir. La derni\u00e8re journ\u00e9e privil\u00e9giera une approche pratique et s&rsquo;appuiera sur des \u00e9tudes de cas et une m\u00e9thode d&rsquo;entretien. <\/p>\n<p style=\"text-align: justify;\">Cette formation <\/p>\n<p>[&#8230;<a href=\"https:\/\/www.cicade.org\/?p=1040\">lire la suite<\/a>]<\/p>\n","protected":false},"author":2,"featured_media":0,"comment_status":"closed","ping_status":"open","sticky":false,"template":"","format":"standard","meta":{"footnotes":""},"categories":[5],"tags":[],"class_list":["post-1040","post","type-post","status-publish","format-standard","hentry","category-formations","odd"],"publishpress_future_action":{"enabled":false,"date":"2026-05-06 13:48:56","action":"change-status","newStatus":"draft","terms":[],"taxonomy":"category","extraData":[]},"publishpress_future_workflow_manual_trigger":{"enabledWorkflows":[]},"_links":{"self":[{"href":"https:\/\/www.cicade.org\/index.php?rest_route=\/wp\/v2\/posts\/1040","targetHints":{"allow":["GET"]}}],"collection":[{"href":"https:\/\/www.cicade.org\/index.php?rest_route=\/wp\/v2\/posts"}],"about":[{"href":"https:\/\/www.cicade.org\/index.php?rest_route=\/wp\/v2\/types\/post"}],"author":[{"embeddable":true,"href":"https:\/\/www.cicade.org\/index.php?rest_route=\/wp\/v2\/users\/2"}],"replies":[{"embeddable":true,"href":"https:\/\/www.cicade.org\/index.php?rest_route=%2Fwp%2Fv2%2Fcomments&post=1040"}],"version-history":[{"count":3,"href":"https:\/\/www.cicade.org\/index.php?rest_route=\/wp\/v2\/posts\/1040\/revisions"}],"predecessor-version":[{"id":1068,"href":"https:\/\/www.cicade.org\/index.php?rest_route=\/wp\/v2\/posts\/1040\/revisions\/1068"}],"wp:attachment":[{"href":"https:\/\/www.cicade.org\/index.php?rest_route=%2Fwp%2Fv2%2Fmedia&parent=1040"}],"wp:term":[{"taxonomy":"category","embeddable":true,"href":"https:\/\/www.cicade.org\/index.php?rest_route=%2Fwp%2Fv2%2Fcategories&post=1040"},{"taxonomy":"post_tag","embeddable":true,"href":"https:\/\/www.cicade.org\/index.php?rest_route=%2Fwp%2Fv2%2Ftags&post=1040"}],"curies":[{"name":"wp","href":"https:\/\/api.w.org\/{rel}","templated":true}]}}