{"id":1686,"date":"2017-12-18T16:31:01","date_gmt":"2017-12-18T15:31:01","guid":{"rendered":"http:\/\/www.cicade.org\/?p=1686"},"modified":"2019-02-12T13:35:17","modified_gmt":"2019-02-12T12:35:17","slug":"session-sur-le-mariage-en-droit-international-et-la-prevention-du-mariage-force-juin-2018","status":"publish","type":"post","link":"https:\/\/www.cicade.org\/?p=1686","title":{"rendered":"Session sur le mariage en droit international et la pr\u00e9vention du mariage forc\u00e9 \u2013 Juin 2018"},"content":{"rendered":"<p>Les associations Voix de Femmes et CICADE organisent au mois de juin \u00e0 <strong>Paris<\/strong> une session de formation de deux jours portant sur le mariage en droit international et la pr\u00e9vention du mariage forc\u00e9. Cette formation sera anim\u00e9e par Christine-Sarah Jama, juriste de l&rsquo;association Voix de Femmes et par Aur\u00e9lie B\u00e9du, juriste du CICADE sp\u00e9cialis\u00e9e en droit international de la famille.<\/p>\n<p><strong>Descriptif :<\/strong><\/p>\n<p><strong>\u2022 Dates :<\/strong> 7 et 8 juin 2018<\/p>\n<p><strong>\u2022 Th\u00e8me de la session :<\/strong> le mariage en droit international et la pr\u00e9vention du mariage forc\u00e9<\/p>\n<p style=\"text-align: justify;\"><strong>\u2022 Public vis\u00e9 : <\/strong>travailleurs sociaux, agents de l\u2019\u00c9tat ou des collectivit\u00e9s locales, b\u00e9n\u00e9voles et permanents d\u2019associations, adultes relais, juristes ou toute personne accueillant du public&#8230;<!--more--><\/p>\n<p style=\"text-align: justify;\"><strong>\u2022 Dur\u00e9e de la session : <\/strong> 12 heures r\u00e9parties sur 2 jours<\/p>\n<p style=\"text-align: justify;\"><strong>\u2022 Nombre maximum de participants :<\/strong> 15 personnes<\/p>\n<p style=\"text-align: justify;\"><strong>\u2022 Lieu :<\/strong> Paris, 18\u00e8me arrondissement<\/p>\n<p><span style=\"color: #000000;\">Acc\u00e9der au <a href=\"http:\/\/www.cicade.org\/wp-content\/uploads\/2017\/12\/Programme-Formation-juin-2018.pdf\" target=\"_blank\">programme de la session<\/a><br \/>\n<\/span><\/p>\n<p>&nbsp;<\/p>\n<p><strong>Inscription :<\/strong><\/p>\n<p class=\"m-6463220548848276243m7555881482586692724gmail-m5446931112111315599xmsonormal\"><strong><span style=\"font-size: 10pt; font-family: 'Century Gothic', sans-serif;\">La participation \u00e0 ce stage est gratuite. Elle est cependant soumise \u00e0 une inscription pr\u00e9alable (une \u00e0 deux personnes au maximum par structure). Si vous souhaitez y participer remplissez le<span style=\"color: black;\"> <a href=\"https:\/\/www.inscription-facile.com\/form\/pNGEwW5p3mmpGO2vPHin\" target=\"_blank\">formulaire en ligne<\/a><\/span><\/span><span style=\"font-size: 10pt; font-family: 'Calibri', sans-serif; color: black;\">. <\/span><span style=\"font-size: 10pt; font-family: 'Century Gothic', sans-serif;\">Vous recevrez une confirmation et une convocation dans un d\u00e9lai d&rsquo;environ deux semaines.<\/span><\/strong><\/p>\n<p class=\"m-6463220548848276243m7555881482586692724gmail-m5446931112111315599xmsonormal\">Action r\u00e9alis\u00e9e avec le soutien de la <a href=\"https:\/\/www.immigration.interieur.gouv.fr\/La-Direction-generale\/Directions-et-services\" target=\"_blank\">D<span class=\"st\">irection de l\u2019Accueil, de l\u2019Accompagnement des \u00c9trangers <\/span>et de la Nationalit\u00e9 (DAAEN).<\/a><b><br \/>\n<\/b><b><span style=\"font-size: 10.0pt; font-family: 'Century Gothic',sans-serif;\"><br \/>\n<\/span><\/b><\/p>\n<p style=\"text-align: justify;\"><a href=\"http:\/\/www.cicade.org\/?page_id=21\" target=\"_blank\"><img loading=\"lazy\" decoding=\"async\" class=\"alignnone wp-image-5 size-thumbnail\" src=\"http:\/\/www.cicade.org\/wp-content\/uploads\/2013\/09\/CICADE-LieuRessource-100x100.png\" alt=\"CICADE-LieuRessource\" width=\"100\" height=\"100\" \/><\/a> \u00a0\u00a0 <a href=\"http:\/\/www.immigration.interieur.gouv.fr\/La-Direction-generale\/Directions-et-services\" target=\"_blank\"><img loading=\"lazy\" decoding=\"async\" class=\"alignnone wp-image-457 size-thumbnail\" src=\"http:\/\/www.cicade.org\/wp-content\/uploads\/2014\/01\/DAAEN-100x100.jpg\" alt=\"DAAEN\" width=\"100\" height=\"100\" \/><\/a>\u00a0\u00a0\u00a0 <a href=\"http:\/\/stop-mariageforce.fr\/index.html\" target=\"_blank\"><img loading=\"lazy\" decoding=\"async\" class=\"alignnone wp-image-1255 size-thumbnail\" src=\"http:\/\/www.cicade.org\/wp-content\/uploads\/2016\/09\/Logo-Voix-De-Femmes-100x100.png\" alt=\"logo-voix-de-femmes\" width=\"100\" height=\"100\" \/><\/a><\/p>\n","protected":false},"excerpt":{"rendered":"<p>Les associations Voix de Femmes et CICADE organisent au mois de juin \u00e0 Paris une session de formation de deux jours portant sur le mariage en droit international et la pr\u00e9vention du mariage forc\u00e9. Cette formation sera anim\u00e9e par Christine-Sarah Jama, juriste de l&rsquo;association Voix de Femmes et par Aur\u00e9lie B\u00e9du, juriste du CICADE sp\u00e9cialis\u00e9e en droit international de la famille.<\/p>\n<p>Descriptif :<\/p>\n<p>\u2022 Dates : 7 et 8 juin 2018<\/p>\n<p>\u2022 Th\u00e8me de la <\/p>\n<p>[&#8230;<a href=\"https:\/\/www.cicade.org\/?p=1686\">lire la suite<\/a>]<\/p>\n","protected":false},"author":3,"featured_media":0,"comment_status":"closed","ping_status":"open","sticky":false,"template":"","format":"standard","meta":{"footnotes":""},"categories":[5],"tags":[],"class_list":["post-1686","post","type-post","status-publish","format-standard","hentry","category-formations","odd"],"publishpress_future_action":{"enabled":false,"date":"2026-05-05 22:14:51","action":"change-status","newStatus":"draft","terms":[],"taxonomy":"category","extraData":[]},"publishpress_future_workflow_manual_trigger":{"enabledWorkflows":[]},"_links":{"self":[{"href":"https:\/\/www.cicade.org\/index.php?rest_route=\/wp\/v2\/posts\/1686","targetHints":{"allow":["GET"]}}],"collection":[{"href":"https:\/\/www.cicade.org\/index.php?rest_route=\/wp\/v2\/posts"}],"about":[{"href":"https:\/\/www.cicade.org\/index.php?rest_route=\/wp\/v2\/types\/post"}],"author":[{"embeddable":true,"href":"https:\/\/www.cicade.org\/index.php?rest_route=\/wp\/v2\/users\/3"}],"replies":[{"embeddable":true,"href":"https:\/\/www.cicade.org\/index.php?rest_route=%2Fwp%2Fv2%2Fcomments&post=1686"}],"version-history":[{"count":3,"href":"https:\/\/www.cicade.org\/index.php?rest_route=\/wp\/v2\/posts\/1686\/revisions"}],"predecessor-version":[{"id":1694,"href":"https:\/\/www.cicade.org\/index.php?rest_route=\/wp\/v2\/posts\/1686\/revisions\/1694"}],"wp:attachment":[{"href":"https:\/\/www.cicade.org\/index.php?rest_route=%2Fwp%2Fv2%2Fmedia&parent=1686"}],"wp:term":[{"taxonomy":"category","embeddable":true,"href":"https:\/\/www.cicade.org\/index.php?rest_route=%2Fwp%2Fv2%2Fcategories&post=1686"},{"taxonomy":"post_tag","embeddable":true,"href":"https:\/\/www.cicade.org\/index.php?rest_route=%2Fwp%2Fv2%2Ftags&post=1686"}],"curies":[{"name":"wp","href":"https:\/\/api.w.org\/{rel}","templated":true}]}}