{"id":1756,"date":"2017-12-19T11:38:55","date_gmt":"2017-12-19T10:38:55","guid":{"rendered":"http:\/\/www.cicade.org\/?p=1756"},"modified":"2018-09-06T13:34:27","modified_gmt":"2018-09-06T12:34:27","slug":"le-droit-de-la-famille-des-mineurs-vivant-en-france","status":"publish","type":"post","link":"https:\/\/www.cicade.org\/?p=1756","title":{"rendered":"Le droit de la famille des mineurs vivant en France"},"content":{"rendered":"<p>Le CICADE propose<strong> le vendredi 14 septembre 2018 \u00e0 Marseille<\/strong>, en partenariat avec <span class=\"actu_texte\"><a href=\"http:\/\/espace.asso.fr\/\" target=\"_blank\">l\u2019association Espace \u2013 Centre de ressources pour les acteurs de l\u2019int\u00e9gration<\/a><\/span>, une journ\u00e9e de formation intitul\u00e9e : Le droit de la famille des mineurs vivant en France. Cette formation sera anim\u00e9e par Aur\u00e9lie B\u00e9du, juriste du CICADE sp\u00e9cialis\u00e9e en droit international de la famille. Elle se d\u00e9roulera de 9h30 \u00e0 12h30 et de 14h00 \u00e0 17h00.<\/p>\n<p>La participation \u00e0 cette formation est gratuite. Elle est cependant soumise \u00e0 une inscription pr\u00e9alable par courriel \u00e0 l\u2019adresse\u00a0: <a href=\"mailto:centre@cicade.org\"><strong>centre@cicade.org<\/strong><\/a><\/p>\n<p><strong>Le nombre de place \u00e9tant limit\u00e9 \u00e0 15 participants, la priorit\u00e9 est donn\u00e9e aux membres des associations (salari\u00e9s et b\u00e9n\u00e9voles) ayant un acc\u00e8s limit\u00e9 \u00e0 la formation continue.<\/strong><\/p>\n<p>Action r\u00e9alis\u00e9e avec le soutien de la <a href=\"https:\/\/www.immigration.interieur.gouv.fr\/La-Direction-generale\/Directions-et-services\" target=\"_blank\">D<span class=\"st\">irection de l\u2019Accueil, de l\u2019Accompagnement des \u00c9trangers <\/span>et de la Nationalit\u00e9 (DAAEN).<\/a><b><br \/>\n<\/b><\/p>\n<p><span style=\"color: #000000;\">Acc\u00e9der au <a href=\"http:\/\/www.cicade.org\/wp-content\/uploads\/2018\/09\/Plan-mineurs-2018.pdf\" target=\"_blank\">programme de la session<\/a><\/span><\/p>\n","protected":false},"excerpt":{"rendered":"<p>Le CICADE propose le vendredi 14 septembre 2018 \u00e0 Marseille, en partenariat avec l\u2019association Espace \u2013 Centre de ressources pour les acteurs de l\u2019int\u00e9gration, une journ\u00e9e de formation intitul\u00e9e : Le droit de la famille des mineurs vivant en France. Cette formation sera anim\u00e9e par Aur\u00e9lie B\u00e9du, juriste du CICADE sp\u00e9cialis\u00e9e en droit international de la famille. Elle se d\u00e9roulera de 9h30 \u00e0 12h30 et de 14h00 \u00e0 17h00.<\/p>\n<p>La participation \u00e0 cette formation est <\/p>\n<p>[&#8230;<a href=\"https:\/\/www.cicade.org\/?p=1756\">lire la suite<\/a>]<\/p>\n","protected":false},"author":3,"featured_media":0,"comment_status":"closed","ping_status":"open","sticky":false,"template":"","format":"standard","meta":{"footnotes":""},"categories":[3],"tags":[],"class_list":["post-1756","post","type-post","status-publish","format-standard","hentry","category-ateliers-de-droit","odd"],"publishpress_future_action":{"enabled":false,"date":"2026-05-05 19:34:28","action":"change-status","newStatus":"draft","terms":[],"taxonomy":"category","extraData":[]},"publishpress_future_workflow_manual_trigger":{"enabledWorkflows":[]},"_links":{"self":[{"href":"https:\/\/www.cicade.org\/index.php?rest_route=\/wp\/v2\/posts\/1756","targetHints":{"allow":["GET"]}}],"collection":[{"href":"https:\/\/www.cicade.org\/index.php?rest_route=\/wp\/v2\/posts"}],"about":[{"href":"https:\/\/www.cicade.org\/index.php?rest_route=\/wp\/v2\/types\/post"}],"author":[{"embeddable":true,"href":"https:\/\/www.cicade.org\/index.php?rest_route=\/wp\/v2\/users\/3"}],"replies":[{"embeddable":true,"href":"https:\/\/www.cicade.org\/index.php?rest_route=%2Fwp%2Fv2%2Fcomments&post=1756"}],"version-history":[{"count":3,"href":"https:\/\/www.cicade.org\/index.php?rest_route=\/wp\/v2\/posts\/1756\/revisions"}],"predecessor-version":[{"id":1766,"href":"https:\/\/www.cicade.org\/index.php?rest_route=\/wp\/v2\/posts\/1756\/revisions\/1766"}],"wp:attachment":[{"href":"https:\/\/www.cicade.org\/index.php?rest_route=%2Fwp%2Fv2%2Fmedia&parent=1756"}],"wp:term":[{"taxonomy":"category","embeddable":true,"href":"https:\/\/www.cicade.org\/index.php?rest_route=%2Fwp%2Fv2%2Fcategories&post=1756"},{"taxonomy":"post_tag","embeddable":true,"href":"https:\/\/www.cicade.org\/index.php?rest_route=%2Fwp%2Fv2%2Ftags&post=1756"}],"curies":[{"name":"wp","href":"https:\/\/api.w.org\/{rel}","templated":true}]}}