{"id":1872,"date":"2018-12-22T14:30:03","date_gmt":"2018-12-22T13:30:03","guid":{"rendered":"http:\/\/www.cicade.org\/?p=1872"},"modified":"2019-03-13T14:30:23","modified_gmt":"2019-03-13T13:30:23","slug":"le-droit-de-la-nationalite","status":"publish","type":"post","link":"https:\/\/www.cicade.org\/?p=1872","title":{"rendered":"Le droit de la nationalit\u00e9"},"content":{"rendered":"<p style=\"margin: 0cm; margin-bottom: .0001pt; text-align: justify;\">Cette formation traitera des diff\u00e9rents modes d\u2019attribution et d\u2019acquisition de la nationalit\u00e9 fran\u00e7aise, des hypoth\u00e8ses dans lesquelles une personne peut perdre la nationalit\u00e9 fran\u00e7aise, des proc\u00e9dures \u00e0 suivre et des recours possibles en mati\u00e8re de nationalit\u00e9.<\/p>\n<p>Cet atelier se d\u00e9roulera <span class=\"actutexte\"><b>\u00e0 Toulon<\/b><\/span> <span class=\"actutexte\"><b>le jeudi 21 mars 2019 <\/b><\/span><strong>et \u00e0 Marseille le vendredi 22 mars 2019<\/strong>, de 9h30 \u00e0 12h30 et de 14h00 \u00e0 17h00. Il est propos\u00e9 par l&rsquo;association Espace &#8211; Centre de ressources pour les acteurs de l&rsquo;int\u00e9gration et sera anim\u00e9 par un formateur du CICADE. Il est destin\u00e9 aux acteurs r\u00e9gionaux (r\u00e9gion PACA) de l\u2019acc\u00e8s au(x) droit(s) des \u00e9trangers. L\u2019entr\u00e9e sera soumise \u00e0 une inscription pr\u00e9alable aupr\u00e8s d\u2019Espace (t\u00e9l. : 04 95 04 30 98).<\/p>\n<p><span class=\"actu_texte\">Pour tout renseignement concernant ces interventions, veuillez contacter<a href=\"http:\/\/espace.asso.fr\/\" target=\"_blank\"> l\u2019association Espace.<\/a><\/span><\/p>\n<p><a href=\"http:\/\/www.cicade.org\/wp-content\/uploads\/2019\/03\/Nationalite_2019.pdf\" target=\"_blank\">T\u00e9l\u00e9charger le contenu de la formation.<\/a><\/p>\n","protected":false},"excerpt":{"rendered":"<p style=\"margin: 0cm; margin-bottom: .0001pt; text-align: justify;\">Cette formation traitera des diff\u00e9rents modes d\u2019attribution et d\u2019acquisition de la nationalit\u00e9 fran\u00e7aise, des hypoth\u00e8ses dans lesquelles une personne peut perdre la nationalit\u00e9 fran\u00e7aise, des proc\u00e9dures \u00e0 suivre et des recours possibles en mati\u00e8re de nationalit\u00e9.<\/p>\n<p>Cet atelier se d\u00e9roulera \u00e0 Toulon le jeudi 21 mars 2019 et \u00e0 Marseille le vendredi 22 mars 2019, de 9h30 \u00e0 12h30 et de 14h00 \u00e0 17h00. Il est propos\u00e9 par l&rsquo;association <\/p>\n<p>[&#8230;<a href=\"https:\/\/www.cicade.org\/?p=1872\">lire la suite<\/a>]<\/p>\n","protected":false},"author":3,"featured_media":0,"comment_status":"closed","ping_status":"open","sticky":false,"template":"","format":"standard","meta":{"footnotes":""},"categories":[3],"tags":[],"class_list":["post-1872","post","type-post","status-publish","format-standard","hentry","category-ateliers-de-droit","odd"],"publishpress_future_action":{"enabled":false,"date":"2026-05-06 12:15:50","action":"change-status","newStatus":"draft","terms":[],"taxonomy":"category","extraData":[]},"publishpress_future_workflow_manual_trigger":{"enabledWorkflows":[]},"_links":{"self":[{"href":"https:\/\/www.cicade.org\/index.php?rest_route=\/wp\/v2\/posts\/1872","targetHints":{"allow":["GET"]}}],"collection":[{"href":"https:\/\/www.cicade.org\/index.php?rest_route=\/wp\/v2\/posts"}],"about":[{"href":"https:\/\/www.cicade.org\/index.php?rest_route=\/wp\/v2\/types\/post"}],"author":[{"embeddable":true,"href":"https:\/\/www.cicade.org\/index.php?rest_route=\/wp\/v2\/users\/3"}],"replies":[{"embeddable":true,"href":"https:\/\/www.cicade.org\/index.php?rest_route=%2Fwp%2Fv2%2Fcomments&post=1872"}],"version-history":[{"count":2,"href":"https:\/\/www.cicade.org\/index.php?rest_route=\/wp\/v2\/posts\/1872\/revisions"}],"predecessor-version":[{"id":1876,"href":"https:\/\/www.cicade.org\/index.php?rest_route=\/wp\/v2\/posts\/1872\/revisions\/1876"}],"wp:attachment":[{"href":"https:\/\/www.cicade.org\/index.php?rest_route=%2Fwp%2Fv2%2Fmedia&parent=1872"}],"wp:term":[{"taxonomy":"category","embeddable":true,"href":"https:\/\/www.cicade.org\/index.php?rest_route=%2Fwp%2Fv2%2Fcategories&post=1872"},{"taxonomy":"post_tag","embeddable":true,"href":"https:\/\/www.cicade.org\/index.php?rest_route=%2Fwp%2Fv2%2Ftags&post=1872"}],"curies":[{"name":"wp","href":"https:\/\/api.w.org\/{rel}","templated":true}]}}