{"id":1986,"date":"2020-01-03T10:57:45","date_gmt":"2020-01-03T09:57:45","guid":{"rendered":"http:\/\/www.cicade.org\/?p=1986"},"modified":"2023-07-23T15:42:39","modified_gmt":"2023-07-23T14:42:39","slug":"les-effets-des-violences-conjugales-sur-le-droit-au-sejour","status":"publish","type":"post","link":"https:\/\/www.cicade.org\/?p=1986","title":{"rendered":"Les effets des violences conjugales et familiales sur le droit au s\u00e9jour"},"content":{"rendered":"<p>Le CICADE propose le <strong>vendredi 28 f\u00e9vrier 2020<\/strong>, en partenariat avec La Cimade, un atelier d&rsquo;acc\u00e8s au(x) droit(s) \u00e0 <strong>S\u00e8te<\/strong> portant sur les effets des violences conjugales et familiales sur le droit au s\u00e9jour. L&rsquo;animation de cet atelier sera assur\u00e9e par Aur\u00e9lie B\u00e9du, juriste du CICADE sp\u00e9cialis\u00e9e en droit international de la famille.<\/p>\n<p><strong><span style=\"text-decoration: underline;\"><u>Inscription :<\/u><\/span><\/strong><\/p>\n<p><strong>La participation \u00e0 ce stage est gratuite. Elle est cependant soumise \u00e0 une inscription pr\u00e9alable obligatoire. <\/strong>Les personnes int\u00e9ress\u00e9es sont invit\u00e9es \u00e0 s&rsquo;inscrire via le<strong> <a href=\"https:\/\/framaforms.org\/bulletin-dinscription-atelier-cicade-1579773749\" target=\"_blank\">bulletin d\u2019inscription en ligne<\/a><\/strong>. Une confirmation d&rsquo;inscription valant convocation sera envoy\u00e9e \u00e0 l\u2019adresse email communiqu\u00e9e dans le bulletin d\u2019inscription.<\/p>\n<p><strong><span style=\"text-decoration: underline;\"><u>Descriptif\u00a0de l&rsquo;atelier d&rsquo;acc\u00e8s au(x) droit(s) :<\/u><\/span><\/strong><!--more--><\/p>\n<p><strong>&#8211; Date : <\/strong>vendredi 28 f\u00e9vrier 2020<\/p>\n<p><strong>&#8211; Th\u00e8me de l&rsquo;atelier : <\/strong>les effets des violences conjugales et familiales sur le droit au s\u00e9jour<\/p>\n<p><strong>&#8211; Public vis\u00e9 : <\/strong>b\u00e9n\u00e9voles d\u2019associations<\/p>\n<p><strong>&#8211; Dur\u00e9e de l&rsquo;atelier : <\/strong>6 heures (9h30-12h30 \/ 14h-17h) &#8211; repas libre<\/p>\n<p><strong>&#8211; Nombre maximum de participants : <\/strong>15 personnes<\/p>\n<p><strong>&#8211; Lieu\u00a0: <\/strong>S\u00e8te<\/p>\n<p>Acc\u00e9der au <strong><u><a href=\"http:\/\/www.cicade.org\/wp-content\/uploads\/2020\/01\/Programme-VC-et-familiales-SETE-2020.pdf\" target=\"_blank\">programme de la formation<\/a><\/u><\/strong><\/p>\n<p>Action r\u00e9alis\u00e9e avec le soutien de la <a href=\"https:\/\/www.immigration.interieur.gouv.fr\/La-Direction-generale\/Directions-et-services\" target=\"_blank\">D<span class=\"st\">irection de l\u2019Accueil, de l\u2019Accompagnement des \u00c9trangers <\/span>et de la Nationalit\u00e9 (DAAEN).<\/a><b><br \/>\n<\/b><\/p>\n","protected":false},"excerpt":{"rendered":"<p>Le CICADE propose le vendredi 28 f\u00e9vrier 2020, en partenariat avec La Cimade, un atelier d&rsquo;acc\u00e8s au(x) droit(s) \u00e0 S\u00e8te portant sur les effets des violences conjugales et familiales sur le droit au s\u00e9jour. L&rsquo;animation de cet atelier sera assur\u00e9e par Aur\u00e9lie B\u00e9du, juriste du CICADE sp\u00e9cialis\u00e9e en droit international de la famille.<\/p>\n<p>Inscription :<\/p>\n<p>La participation \u00e0 ce stage est gratuite. Elle est cependant soumise \u00e0 une inscription pr\u00e9alable obligatoire. Les personnes int\u00e9ress\u00e9es sont <\/p>\n<p>[&#8230;<a href=\"https:\/\/www.cicade.org\/?p=1986\">lire la suite<\/a>]<\/p>\n","protected":false},"author":3,"featured_media":0,"comment_status":"closed","ping_status":"open","sticky":false,"template":"","format":"standard","meta":{"footnotes":""},"categories":[10],"tags":[],"class_list":["post-1986","post","type-post","status-publish","format-standard","hentry","category-actions-gratuites","odd"],"publishpress_future_action":{"enabled":false,"date":"2026-05-07 06:30:23","action":"change-status","newStatus":"draft","terms":[],"taxonomy":"category","extraData":[]},"publishpress_future_workflow_manual_trigger":{"enabledWorkflows":[]},"_links":{"self":[{"href":"https:\/\/www.cicade.org\/index.php?rest_route=\/wp\/v2\/posts\/1986","targetHints":{"allow":["GET"]}}],"collection":[{"href":"https:\/\/www.cicade.org\/index.php?rest_route=\/wp\/v2\/posts"}],"about":[{"href":"https:\/\/www.cicade.org\/index.php?rest_route=\/wp\/v2\/types\/post"}],"author":[{"embeddable":true,"href":"https:\/\/www.cicade.org\/index.php?rest_route=\/wp\/v2\/users\/3"}],"replies":[{"embeddable":true,"href":"https:\/\/www.cicade.org\/index.php?rest_route=%2Fwp%2Fv2%2Fcomments&post=1986"}],"version-history":[{"count":3,"href":"https:\/\/www.cicade.org\/index.php?rest_route=\/wp\/v2\/posts\/1986\/revisions"}],"predecessor-version":[{"id":2822,"href":"https:\/\/www.cicade.org\/index.php?rest_route=\/wp\/v2\/posts\/1986\/revisions\/2822"}],"wp:attachment":[{"href":"https:\/\/www.cicade.org\/index.php?rest_route=%2Fwp%2Fv2%2Fmedia&parent=1986"}],"wp:term":[{"taxonomy":"category","embeddable":true,"href":"https:\/\/www.cicade.org\/index.php?rest_route=%2Fwp%2Fv2%2Fcategories&post=1986"},{"taxonomy":"post_tag","embeddable":true,"href":"https:\/\/www.cicade.org\/index.php?rest_route=%2Fwp%2Fv2%2Ftags&post=1986"}],"curies":[{"name":"wp","href":"https:\/\/api.w.org\/{rel}","templated":true}]}}