{"id":2921,"date":"2023-01-02T16:59:41","date_gmt":"2023-01-02T15:59:41","guid":{"rendered":"http:\/\/www.cicade.org\/?p=2921"},"modified":"2023-07-23T16:00:21","modified_gmt":"2023-07-23T15:00:21","slug":"formation-juridique-en-presentiel-gratuite-du-cicade-les-aspects-du-mariage-force","status":"publish","type":"post","link":"https:\/\/www.cicade.org\/?p=2921","title":{"rendered":"Formation gratuite du CICADE \u00e0 Montpellier &#8211; Les aspects juridiques du mariage forc\u00e9"},"content":{"rendered":"<p>Le CICADE propose une journ\u00e9e de formation en pr\u00e9sentiel sur \u00ab\u00a0Les aspects juridiques du mariage forc\u00e9\u00a0\u00bb le <strong>vendredi 17 f\u00e9vrier 2023 \u00e0 Montpellier.<\/strong> \u00a0Cette formation sera assur\u00e9e par Aur\u00e9lie B\u00e9du, juriste du CICADE sp\u00e9cialis\u00e9e en droit international de la famille et membre du R\u00e9seau Jeunes confront\u00e9-e-s aux violences et aux ruptures familiales.<\/p>\n<p>Destin\u00e9e\u00a0<strong>en priorit\u00e9 aux\u00a0professionnels de la\u00a0r\u00e9gion<\/strong><strong> Occitanie, <\/strong>cette journ\u00e9e consacr\u00e9e aux aspects juridiques du mariage forc\u00e9 permettra de mieux appr\u00e9hender cette forme de violence intrafamiliale qui concerne aussi bien les personnes binationales que les personnes \u00e9trang\u00e8res.<\/p>\n<p>Nous verrons quelles sont les r\u00e8gles du mariage en droit de la famille international ainsi que les proc\u00e9dures qui permettent d\u2019\u00e9viter un mariage forc\u00e9 ou d\u2019annuler un mariage c\u00e9l\u00e9br\u00e9 sous la contrainte.<\/p>\n<p><strong><u>Descriptif\u00a0de la formation : <\/u><\/strong><\/p>\n<p><strong>&#8211; Date : <\/strong>vendredi 17 f\u00e9vrier 2023<\/p>\n<p><strong>&#8211; Th\u00e8me de la session :<\/strong> les aspects juridiques du mariage forc\u00e9<\/p>\n<p><strong>&#8211; Public vis\u00e9 : <\/strong>travailleurs sociaux, agents de l\u2019\u00c9tat ou des collectivit\u00e9s, b\u00e9n\u00e9voles et permanents d\u2019associations, adultes relais ou toute personne accueillant du public \u2026<\/p>\n<p><strong>&#8211; Dur\u00e9e de la session : <\/strong>6 heures\u00a0 (9h30-12h30 \/ 14h00-17h00) &#8211; repas libre<\/p>\n<p><strong>&#8211; Nombre maximum de participants : <\/strong>15 personnes\u00a0\u00a0\u00a0\u00a0\u00a0 <span style=\"color: #ff0000;\"><strong>COMPLET<\/strong><\/span><!--more--><\/p>\n<p><strong>&#8211; Lieu\u00a0: <\/strong>Montpellier<\/p>\n<p>Acc\u00e9der au <span style=\"color: #800080;\"><a style=\"color: #800080;\" href=\"http:\/\/www.cicade.org\/wp-content\/uploads\/2023\/01\/Plan-CICADE-Les-aspects-juridiques-du-mariage-forc\u00e9-2023.pdf\" target=\"_blank\">programme de formation<\/a><\/span><\/p>\n<p><strong><u>Inscription :<\/u><\/strong><\/p>\n<p><strong>La participation \u00e0 ce stage est gratuite. Elle est cependant soumise \u00e0 une inscription pr\u00e9alable obligatoire. Les personnes int\u00e9ress\u00e9es sont invit\u00e9es \u00e0 <span style=\"color: #800080;\"><a style=\"color: #800080;\" href=\"https:\/\/framaforms.org\/inscription-formation-cicade-17022023-montpellier-1670507913\" target=\"_blank\">s&rsquo;inscrire via le bulletin d&rsquo;inscription en ligne.<\/a><\/span><\/strong><\/p>\n<p><strong>Un mail valant convocation sera envoy\u00e9 avant la formation \u00e0 l\u2019adresse e-mail communiqu\u00e9e dans le bulletin d\u2019inscription.\u00a0\u00a0 <\/strong><\/p>\n<p>Cette formation est r\u00e9alis\u00e9e avec le soutien de la\u00a0<span style=\"color: #800080;\"><a style=\"color: #800080;\" href=\"https:\/\/www.immigration.interieur.gouv.fr\/La-Direction-generale\/Directions-et-services\" target=\"_blank\">Direction de l\u2019Int\u00e9gration et de l\u2019Acc\u00e8s \u00e0 la Nationalit\u00e9 (DIAN)\u00a0<\/a>.<\/span><\/p>\n","protected":false},"excerpt":{"rendered":"<p>Le CICADE propose une journ\u00e9e de formation en pr\u00e9sentiel sur \u00ab Les aspects juridiques du mariage forc\u00e9 \u00bb le vendredi 17 f\u00e9vrier 2023 \u00e0 Montpellier. Cette formation sera assur\u00e9e par Aur\u00e9lie B\u00e9du, juriste du CICADE sp\u00e9cialis\u00e9e en droit international de la famille et membre du R\u00e9seau Jeunes confront\u00e9-e-s aux violences et aux ruptures familiales.<\/p>\n<p>Destin\u00e9e en priorit\u00e9 aux professionnels de la r\u00e9gion Occitanie, cette journ\u00e9e consacr\u00e9e aux aspects juridiques du mariage forc\u00e9 permettra de mieux <\/p>\n<p>[&#8230;<a href=\"https:\/\/www.cicade.org\/?p=2921\">lire la suite<\/a>]<\/p>\n","protected":false},"author":3,"featured_media":0,"comment_status":"closed","ping_status":"open","sticky":false,"template":"","format":"standard","meta":{"footnotes":""},"categories":[10],"tags":[],"class_list":["post-2921","post","type-post","status-publish","format-standard","hentry","category-actions-gratuites","odd"],"publishpress_future_action":{"enabled":false,"date":"2026-05-07 04:49:38","action":"change-status","newStatus":"draft","terms":[],"taxonomy":"category","extraData":[]},"publishpress_future_workflow_manual_trigger":{"enabledWorkflows":[]},"_links":{"self":[{"href":"https:\/\/www.cicade.org\/index.php?rest_route=\/wp\/v2\/posts\/2921","targetHints":{"allow":["GET"]}}],"collection":[{"href":"https:\/\/www.cicade.org\/index.php?rest_route=\/wp\/v2\/posts"}],"about":[{"href":"https:\/\/www.cicade.org\/index.php?rest_route=\/wp\/v2\/types\/post"}],"author":[{"embeddable":true,"href":"https:\/\/www.cicade.org\/index.php?rest_route=\/wp\/v2\/users\/3"}],"replies":[{"embeddable":true,"href":"https:\/\/www.cicade.org\/index.php?rest_route=%2Fwp%2Fv2%2Fcomments&post=2921"}],"version-history":[{"count":3,"href":"https:\/\/www.cicade.org\/index.php?rest_route=\/wp\/v2\/posts\/2921\/revisions"}],"predecessor-version":[{"id":2976,"href":"https:\/\/www.cicade.org\/index.php?rest_route=\/wp\/v2\/posts\/2921\/revisions\/2976"}],"wp:attachment":[{"href":"https:\/\/www.cicade.org\/index.php?rest_route=%2Fwp%2Fv2%2Fmedia&parent=2921"}],"wp:term":[{"taxonomy":"category","embeddable":true,"href":"https:\/\/www.cicade.org\/index.php?rest_route=%2Fwp%2Fv2%2Fcategories&post=2921"},{"taxonomy":"post_tag","embeddable":true,"href":"https:\/\/www.cicade.org\/index.php?rest_route=%2Fwp%2Fv2%2Ftags&post=2921"}],"curies":[{"name":"wp","href":"https:\/\/api.w.org\/{rel}","templated":true}]}}