{"id":3460,"date":"2024-01-10T18:20:00","date_gmt":"2024-01-10T17:20:00","guid":{"rendered":"https:\/\/www.cicade.org\/?p=3460"},"modified":"2025-03-21T22:00:57","modified_gmt":"2025-03-21T21:00:57","slug":"formation-en-presentiel-gratuite-a-narbonne-les-effets-des-violences-conjugales-et-familiales-sur-le-droit-au-sejour","status":"publish","type":"post","link":"https:\/\/www.cicade.org\/?p=3460","title":{"rendered":"Formation en pr\u00e9sentiel gratuite \u00e0 Narbonne \u2013 Les effets des violences conjugales et familiales sur le droit au s\u00e9jour"},"content":{"rendered":"<p class=\"v1MsoNormal\">Le CICADE propose une journ\u00e9e de formation en pr\u00e9sentiel sur \u00ab\u00a0Les effets des violences conjugales et familiales sur le droit au s\u00e9jour\u00bb <strong>le jeudi 25 avril 2024 \u00e0 Narbonne<\/strong>. Cette formation sera assur\u00e9e par Aur\u00e9lie B\u00e9du, juriste du CICADE sp\u00e9cialis\u00e9e en droit international de la famille.<\/p>\n<p class=\"v1MsoNormal\"><strong>Destin\u00e9e\u00a0<\/strong><b>en priorit\u00e9 aux\u00a0professionnels de la\u00a0r\u00e9gion<\/b><b> Occitanie<\/b>, cette journ\u00e9e de formation permettra aux participants de conna\u00eetre la l\u00e9gislation en droit des \u00e9trangers pour les personnes \u00e9trang\u00e8res victimes de violences conjugales et familiales en fonction de leur statut familial et de leur nationalit\u00e9. Seront \u00e9galement abord\u00e9s les diff\u00e9rents dispositifs de protection des victimes de violences de couple.<\/p>\n<p class=\"v1MsoNormal\"><b><u>Descriptif\u00a0de la formation : <\/u><\/b><\/p>\n<p class=\"v1MsoNormal\"><b>&#8211; Date : <\/b>jeudi 25 avril 2024<\/p>\n<p class=\"v1MsoNormal\"><b>&#8211; Th\u00e8me de la session : <\/b>les effets des violences conjugales et familiales sur le droit au s\u00e9jour<b> <\/b><\/p>\n<p class=\"v1MsoNormal\"><b>&#8211; Public vis\u00e9 : <\/b>travailleurs sociaux, agents de l\u2019\u00c9tat ou des collectivit\u00e9s locales, b\u00e9n\u00e9voles et permanents d\u2019associations, adultes relais, juristes ou toute personne accueillant du public\u2026<\/p>\n<p class=\"v1MsoNormal\"><b>&#8211; Dur\u00e9e de la session : <\/b>6 heures (9h30-12h30 \/ 14h00-17h00 &#8211; accueil \u00e0 partir de 9h15).<\/p>\n<p class=\"v1MsoNormal\"><b>&#8211; Nombre maximum de participants : <\/b>20 personnes\u00a0\u00a0 <span style=\"color: #ff0000;\"><strong>COMPLET<\/strong><\/span><\/p>\n<p class=\"v1MsoNormal\"><b>&#8211; Lieu\u00a0: <\/b>Narbonne<!--more--><\/p>\n<p>Acc\u00e9der au <a href=\"http:\/\/www.cicade.org\/wp-content\/uploads\/2024\/04\/Plan-CICADE-VC-Narbonne-2024.pdf\" target=\"_blank\" rel=\"noopener\"><span style=\"color: #800080;\">programme de la formation<\/span><\/a><\/p>\n<p class=\"v1MsoNormal\"><b><u>Inscription :<\/u><\/b><\/p>\n<p><strong>Cette formation est gratuite. Elle est cependant soumise \u00e0 une inscription pr\u00e9alable obligatoire.<\/strong><\/p>\n<p><strong>Seuls les frais de transport, de restauration et d\u2019h\u00e9bergement sont \u00e0 la charge des participants. Le nombre de places disponibles par session \u00e9tant limit\u00e9, seront consid\u00e9r\u00e9s comme prioritaires les acteurs salari\u00e9s ou b\u00e9n\u00e9voles associatifs de la r\u00e9gion Occitanie.<\/strong><\/p>\n<p class=\"v1MsoNormal\"><strong><b><u>Modalit\u00e9s d&rsquo;inscription :<\/u><\/b><br \/>\n<\/strong><\/p>\n<p class=\"v1MsoNormal\">Les personnes int\u00e9ress\u00e9es (1 \u00e0 2 personnes maximum par structure) sont invit\u00e9es \u00e0 s&rsquo;inscrire via le <span style=\"color: #800080;\"><a style=\"color: #800080;\" href=\"https:\/\/framaforms.org\/inscription-formation-cicade-25042024-narbonne-1712768572\" target=\"_blank\" rel=\"noopener\">bulletin d&rsquo;inscription<\/a><\/span>.<\/p>\n<p class=\"v1MsoNormal\">Des confirmations seront envoy\u00e9es ult\u00e9rieurement \u00e0 l&rsquo;adresse e-mail communiqu\u00e9e dans le bulletin d&rsquo;inscription.<\/p>\n","protected":false},"excerpt":{"rendered":"<p class=\"v1MsoNormal\">Le CICADE propose une journ\u00e9e de formation en pr\u00e9sentiel sur \u00ab Les effets des violences conjugales et familiales sur le droit au s\u00e9jour\u00bb le jeudi 25 avril 2024 \u00e0 Narbonne. Cette formation sera assur\u00e9e par Aur\u00e9lie B\u00e9du, juriste du CICADE sp\u00e9cialis\u00e9e en droit international de la famille.<\/p>\n<p class=\"v1MsoNormal\">Destin\u00e9e en priorit\u00e9 aux professionnels de la r\u00e9gion Occitanie, cette journ\u00e9e de formation permettra aux participants de conna\u00eetre la l\u00e9gislation en droit des \u00e9trangers pour les <\/p>\n<p>[&#8230;<a href=\"https:\/\/www.cicade.org\/?p=3460\">lire la suite<\/a>]<\/p>\n","protected":false},"author":3,"featured_media":0,"comment_status":"closed","ping_status":"open","sticky":false,"template":"","format":"standard","meta":{"footnotes":""},"categories":[10],"tags":[],"class_list":["post-3460","post","type-post","status-publish","format-standard","hentry","category-actions-gratuites","odd"],"publishpress_future_action":{"enabled":false,"date":"2026-05-07 04:27:49","action":"change-status","newStatus":"draft","terms":[],"taxonomy":"category","extraData":[]},"publishpress_future_workflow_manual_trigger":{"enabledWorkflows":[]},"_links":{"self":[{"href":"https:\/\/www.cicade.org\/index.php?rest_route=\/wp\/v2\/posts\/3460","targetHints":{"allow":["GET"]}}],"collection":[{"href":"https:\/\/www.cicade.org\/index.php?rest_route=\/wp\/v2\/posts"}],"about":[{"href":"https:\/\/www.cicade.org\/index.php?rest_route=\/wp\/v2\/types\/post"}],"author":[{"embeddable":true,"href":"https:\/\/www.cicade.org\/index.php?rest_route=\/wp\/v2\/users\/3"}],"replies":[{"embeddable":true,"href":"https:\/\/www.cicade.org\/index.php?rest_route=%2Fwp%2Fv2%2Fcomments&post=3460"}],"version-history":[{"count":3,"href":"https:\/\/www.cicade.org\/index.php?rest_route=\/wp\/v2\/posts\/3460\/revisions"}],"predecessor-version":[{"id":3663,"href":"https:\/\/www.cicade.org\/index.php?rest_route=\/wp\/v2\/posts\/3460\/revisions\/3663"}],"wp:attachment":[{"href":"https:\/\/www.cicade.org\/index.php?rest_route=%2Fwp%2Fv2%2Fmedia&parent=3460"}],"wp:term":[{"taxonomy":"category","embeddable":true,"href":"https:\/\/www.cicade.org\/index.php?rest_route=%2Fwp%2Fv2%2Fcategories&post=3460"},{"taxonomy":"post_tag","embeddable":true,"href":"https:\/\/www.cicade.org\/index.php?rest_route=%2Fwp%2Fv2%2Ftags&post=3460"}],"curies":[{"name":"wp","href":"https:\/\/api.w.org\/{rel}","templated":true}]}}